{"id":10402,"date":"2024-01-19T11:58:29","date_gmt":"2024-01-19T10:58:29","guid":{"rendered":"http:\/\/www.handball-normandie.fr\/?p=10402"},"modified":"2024-01-19T13:48:39","modified_gmt":"2024-01-19T12:48:39","slug":"a-la-rencontre-de-priscillia-liegeard","status":"publish","type":"post","link":"https:\/\/www.handball-normandie.fr\/index.php\/2024\/01\/19\/a-la-rencontre-de-priscillia-liegeard\/","title":{"rendered":"#\u00c0 la rencontre de Priscillia LIEGEARD"},"content":{"rendered":"<p>[et_pb_section fb_built=\u00a0\u00bb1&Prime; _builder_version=\u00a0\u00bb4.24.0&Prime; _module_preset=\u00a0\u00bbdefault\u00a0\u00bb background_image=\u00a0\u00bbhttps:\/\/www.handball-normandie.fr\/wp-content\/uploads\/2023\/12\/Banniere-site.png\u00a0\u00bb width=\u00a0\u00bb100%\u00a0\u00bb global_colors_info=\u00a0\u00bb{}\u00a0\u00bb][et_pb_row column_structure=\u00a0\u00bb1_5,3_5,1_5&Prime; _builder_version=\u00a0\u00bb4.23.4&Prime; _module_preset=\u00a0\u00bbdefault\u00a0\u00bb custom_margin=\u00a0\u00bb||||false|false\u00a0\u00bb custom_padding=\u00a0\u00bb30px||30px||true|false\u00a0\u00bb global_colors_info=\u00a0\u00bb{}\u00a0\u00bb][et_pb_column type=\u00a0\u00bb1_5&Prime; _builder_version=\u00a0\u00bb4.23.4&Prime; _module_preset=\u00a0\u00bbdefault\u00a0\u00bb global_colors_info=\u00a0\u00bb{}\u00a0\u00bb][\/et_pb_column][et_pb_column type=\u00a0\u00bb3_5&Prime; _builder_version=\u00a0\u00bb4.23.4&Prime; _module_preset=\u00a0\u00bbdefault\u00a0\u00bb global_colors_info=\u00a0\u00bb{}\u00a0\u00bb][et_pb_text _builder_version=\u00a0\u00bb4.24.0&Prime; _module_preset=\u00a0\u00bbdefault\u00a0\u00bb text_font=\u00a0\u00bb|||on|||||\u00a0\u00bb text_text_color=\u00a0\u00bb#FFFFFF\u00a0\u00bb text_font_size=\u00a0\u00bb30px\u00a0\u00bb header_text_color=\u00a0\u00bb#FFFFFF\u00a0\u00bb header_3_font=\u00a0\u00bb|700||on|||||\u00a0\u00bb header_3_text_align=\u00a0\u00bbcenter\u00a0\u00bb header_3_text_color=\u00a0\u00bb#FFFFFF\u00a0\u00bb header_3_font_size=\u00a0\u00bb25px\u00a0\u00bb text_orientation=\u00a0\u00bbcenter\u00a0\u00bb custom_margin=\u00a0\u00bb0px||||false|false\u00a0\u00bb custom_padding=\u00a0\u00bb30px||30px||true|false\u00a0\u00bb border_color_all=\u00a0\u00bb#FFFFFF\u00a0\u00bb border_width_right=\u00a0\u00bb3px\u00a0\u00bb border_width_left=\u00a0\u00bb3px\u00a0\u00bb global_colors_info=\u00a0\u00bb{}\u00a0\u00bb]<\/p>\n<p><strong>\u00c0 LA RENCONTRE DE&#8230;.<br \/><\/strong><strong>PRISCILLIA LIEGEARD<\/strong><\/p>\n<p>[\/et_pb_text][\/et_pb_column][et_pb_column type=\u00a0\u00bb1_5&Prime; _builder_version=\u00a0\u00bb4.23.4&Prime; _module_preset=\u00a0\u00bbdefault\u00a0\u00bb global_colors_info=\u00a0\u00bb{}\u00a0\u00bb][\/et_pb_column][\/et_pb_row][\/et_pb_section][et_pb_section fb_built=\u00a0\u00bb1&Prime; _builder_version=\u00a0\u00bb4.23.4&Prime; _module_preset=\u00a0\u00bbdefault\u00a0\u00bb global_colors_info=\u00a0\u00bb{}\u00a0\u00bb][et_pb_row column_structure=\u00a0\u00bb1_2,1_2&Prime; _builder_version=\u00a0\u00bb4.24.0&Prime; _module_preset=\u00a0\u00bbdefault\u00a0\u00bb custom_margin=\u00a0\u00bb30px||||false|false\u00a0\u00bb global_colors_info=\u00a0\u00bb{}\u00a0\u00bb][et_pb_column type=\u00a0\u00bb1_2&Prime; _builder_version=\u00a0\u00bb4.23.4&Prime; _module_preset=\u00a0\u00bbdefault\u00a0\u00bb global_colors_info=\u00a0\u00bb{}\u00a0\u00bb][et_pb_image src=\u00a0\u00bbhttps:\/\/www.handball-normandie.fr\/wp-content\/uploads\/2024\/01\/de5a2030-091f-407b-bd34-1cc702b33d69.jpg\u00a0\u00bb title_text=\u00a0\u00bbde5a2030-091f-407b-bd34-1cc702b33d69&Prime; _builder_version=\u00a0\u00bb4.24.0&Prime; _module_preset=\u00a0\u00bbdefault\u00a0\u00bb width=\u00a0\u00bb82%\u00a0\u00bb module_alignment=\u00a0\u00bbcenter\u00a0\u00bb global_colors_info=\u00a0\u00bb{}\u00a0\u00bb][\/et_pb_image][\/et_pb_column][et_pb_column type=\u00a0\u00bb1_2&Prime; _builder_version=\u00a0\u00bb4.23.4&Prime; _module_preset=\u00a0\u00bbdefault\u00a0\u00bb global_colors_info=\u00a0\u00bb{}\u00a0\u00bb][et_pb_text _builder_version=\u00a0\u00bb4.24.0&Prime; _module_preset=\u00a0\u00bbdefault\u00a0\u00bb global_colors_info=\u00a0\u00bb{}\u00a0\u00bb]<\/p>\n<p style=\"text-align: justify;\"><strong>Peux-tu te pr\u00e9senter ?<br \/><\/strong>Je m\u2019appelle Priscillia LIEGEARD, je suis b\u00e9n\u00e9vole au sein de la CTA de la Ligue de Normandie en tant que r\u00e9f\u00e9rente f\u00e9minisation depuis maintenant presque 2 ans.<\/p>\n<p style=\"text-align: justify;\"><strong>Quelles sont tes missions au sein de la CTA ?<br \/><\/strong>Je r\u00e9f\u00e8re aupr\u00e8s de Jamila BOULHIMSSE qui est la responsable f\u00e9minisation au sein de la f\u00e9d\u00e9ration, de tout ce qu\u2019on peut faire, je fais des petits \u00e9tats des lieux des arbitres f\u00e9minines. Au sein de la CTA, avec Herv\u00e9 RIGAL, on met des actions en place, on est au service des jeunes arbitres. Nous avons mis des actions en place afin de passer des moments joyeux comme l\u2019Armad\u2019Hand pour aider et fid\u00e9liser les arbitres f\u00e9minines.<\/p>\n<p><strong>\u00a0<\/strong><\/p>\n<p>[\/et_pb_text][\/et_pb_column][\/et_pb_row][et_pb_row _builder_version=\u00a0\u00bb4.24.0&Prime; _module_preset=\u00a0\u00bbdefault\u00a0\u00bb global_colors_info=\u00a0\u00bb{}\u00a0\u00bb][et_pb_column type=\u00a0\u00bb4_4&Prime; _builder_version=\u00a0\u00bb4.24.0&Prime; _module_preset=\u00a0\u00bbdefault\u00a0\u00bb global_colors_info=\u00a0\u00bb{}\u00a0\u00bb][et_pb_text _builder_version=\u00a0\u00bb4.24.0&Prime; _module_preset=\u00a0\u00bbdefault\u00a0\u00bb global_colors_info=\u00a0\u00bb{}\u00a0\u00bb]<\/p>\n<p style=\"text-align: justify;\"><strong>Comment as-tu int\u00e9gr\u00e9 la CTA\u00a0?<br \/><\/strong>C\u2019est Yannick PETIT qui est venu me proposer ce r\u00f4le, j\u2019ai accept\u00e9. Aujourd\u2019hui mes filles ne sont plus dans le hand comme avant donc je peux passer plus de temps pour faire des choses \u00e0 c\u00f4t\u00e9 de ma vie personnelle. De mon c\u00f4t\u00e9, je suis \u00e9galement moins sur les terrains, \u00e9galement en tant qu\u2019arbitre donc j\u2019ai plus de disponibilit\u00e9. Cela me permet de rester dans le monde du hand et d\u2019apporter ma pierre \u00e0 l\u2019\u00e9difice.<\/p>\n<p style=\"text-align: justify;\"><strong>Est-ce qu\u2019un b\u00e9n\u00e9vole peut faire partie int\u00e9grante d\u2019un projet au sein de la CTA ?<br \/><\/strong>Actuellement je suis b\u00e9n\u00e9vole donc je vais dire oui. Oui, un b\u00e9n\u00e9vole peut aider la CTA \u00e0 faire \u00e9voluer, \u00e0 d\u00e9velopper des projets. Le plus gros projet de la f\u00e9minisation cette ann\u00e9e a \u00e9t\u00e9 l\u2019Armad\u2019Hand, je suis \u00e9galement intervenu sur d\u2019autres projets, durant Octobre Rose par exemple.<\/p>\n<p style=\"text-align: justify;\">Le b\u00e9n\u00e9volat c\u2019est de l\u2019investissement pour une passion, il faut avoir du temps \u00e0 consacrer, mais plus nous serons nombreux, plus les projets pourront se d\u00e9velopper rapidement.<br \/>Participer \u00e0 un projet et voir qu\u2019il se d\u00e9veloppe est valorisant.<\/p>\n<p>[\/et_pb_text][\/et_pb_column][\/et_pb_row][et_pb_row column_structure=\u00a0\u00bb1_4,3_4&Prime; _builder_version=\u00a0\u00bb4.24.0&Prime; _module_preset=\u00a0\u00bbdefault\u00a0\u00bb custom_margin=\u00a0\u00bb30px||||false|false\u00a0\u00bb global_colors_info=\u00a0\u00bb{}\u00a0\u00bb][et_pb_column type=\u00a0\u00bb1_4&Prime; _builder_version=\u00a0\u00bb4.24.0&Prime; _module_preset=\u00a0\u00bbdefault\u00a0\u00bb global_colors_info=\u00a0\u00bb{}\u00a0\u00bb][et_pb_image src=\u00a0\u00bbhttps:\/\/www.handball-normandie.fr\/wp-content\/uploads\/2024\/01\/P1011006-scaled.jpg\u00a0\u00bb title_text=\u00a0\u00bbP1011006&Prime; _builder_version=\u00a0\u00bb4.24.0&Prime; _module_preset=\u00a0\u00bbdefault\u00a0\u00bb width=\u00a0\u00bb70%\u00a0\u00bb module_alignment=\u00a0\u00bbcenter\u00a0\u00bb global_colors_info=\u00a0\u00bb{}\u00a0\u00bb][\/et_pb_image][\/et_pb_column][et_pb_column type=\u00a0\u00bb3_4&Prime; _builder_version=\u00a0\u00bb4.24.0&Prime; _module_preset=\u00a0\u00bbdefault\u00a0\u00bb global_colors_info=\u00a0\u00bb{}\u00a0\u00bb][et_pb_text _builder_version=\u00a0\u00bb4.24.0&Prime; _module_preset=\u00a0\u00bbdefault\u00a0\u00bb custom_margin=\u00a0\u00bb||||false|false\u00a0\u00bb global_colors_info=\u00a0\u00bb{}\u00a0\u00bb]<\/p>\n<p style=\"text-align: justify;\"><strong>Tu as \u00e9t\u00e9 au c\u0153ur du projet Armad\u2019Hand qui s\u2019est d\u00e9roul\u00e9 au mois de juin 2023, peux-tu nous parler de cet \u00e9v\u00e8nement\u00a0?<br \/><\/strong>L\u2019Armad\u2019Hand, c\u2019est un gros projet que nous avons d\u00e9velopp\u00e9. L\u2019objectif \u00e9tait d\u2019organiser un \u00e9v\u00e8nement vendeur, nous avons besoin d\u2019\u00eatre tr\u00e8s attractif pour faire venir nos arbitres sur nos \u00e9v\u00e8nements. Nous avons invit\u00e9 des arbitres \u00e9lites. Julie BONAVENTURA et Karine PLOUHINEC ont pass\u00e9 l\u2019int\u00e9gralit\u00e9 de la journ\u00e9e avec l\u2019ensemble des arbitres pr\u00e9sentes.<\/p>\n<p style=\"text-align: justify;\">La matin\u00e9e a \u00e9t\u00e9 anim\u00e9e sous la forme de questions-r\u00e9ponses avec l\u2019ensemble des personnes pr\u00e9sentes. Nos invit\u00e9s ont \u00e9t\u00e9 top et ont \u00e9t\u00e9 sans filtre avec nos arbitres f\u00e9minines.\u00a0Leur disponibilit\u00e9 a permis de passer une tr\u00e8s belle journ\u00e9e. L\u2019apr\u00e8s-midi nous avons \u00e9t\u00e9 faire une balade au c\u0153ur de l\u2019armada en bateau pour d\u00e9couvrir l\u2019\u00e9v\u00e8nement de l\u2019int\u00e9rieur. Cela a permis de bien cl\u00f4turer notre journ\u00e9e, un moment de coh\u00e9sion pour nos participantes qui sont reparties avec un t-shirt souvenir de l\u2019\u00e9v\u00e8nement et l\u2019affiche d\u00e9dicac\u00e9s par Julie et Karine.<\/p>\n<p>[\/et_pb_text][\/et_pb_column][\/et_pb_row][et_pb_row _builder_version=\u00a0\u00bb4.24.0&Prime; _module_preset=\u00a0\u00bbdefault\u00a0\u00bb global_colors_info=\u00a0\u00bb{}\u00a0\u00bb][et_pb_column type=\u00a0\u00bb4_4&Prime; _builder_version=\u00a0\u00bb4.24.0&Prime; _module_preset=\u00a0\u00bbdefault\u00a0\u00bb global_colors_info=\u00a0\u00bb{}\u00a0\u00bb][et_pb_image src=\u00a0\u00bbhttps:\/\/www.handball-normandie.fr\/wp-content\/uploads\/2024\/01\/P1011067-scaled-e1705660371864.jpg\u00a0\u00bb title_text=\u00a0\u00bbP1011067&Prime; _builder_version=\u00a0\u00bb4.24.0&Prime; _module_preset=\u00a0\u00bbdefault\u00a0\u00bb width=\u00a0\u00bb83%\u00a0\u00bb module_alignment=\u00a0\u00bbcenter\u00a0\u00bb custom_margin=\u00a0\u00bb30px||||false|false\u00a0\u00bb global_colors_info=\u00a0\u00bb{}\u00a0\u00bb][\/et_pb_image][\/et_pb_column][\/et_pb_row][et_pb_row _builder_version=\u00a0\u00bb4.24.0&Prime; _module_preset=\u00a0\u00bbdefault\u00a0\u00bb global_colors_info=\u00a0\u00bb{}\u00a0\u00bb][et_pb_column type=\u00a0\u00bb4_4&Prime; _builder_version=\u00a0\u00bb4.24.0&Prime; _module_preset=\u00a0\u00bbdefault\u00a0\u00bb global_colors_info=\u00a0\u00bb{}\u00a0\u00bb][et_pb_text _builder_version=\u00a0\u00bb4.24.0&Prime; _module_preset=\u00a0\u00bbdefault\u00a0\u00bb custom_margin=\u00a0\u00bb30px||||false|false\u00a0\u00bb global_colors_info=\u00a0\u00bb{}\u00a0\u00bb]<\/p>\n<p style=\"text-align: justify;\"><strong>Tu as particip\u00e9 au s\u00e9minaire CNA\/CTA qui s\u2019est d\u00e9roul\u00e9 \u00e0 la maison du handball, comment as-tu v\u00e9cu cette journ\u00e9e ?<\/strong><\/p>\n<p style=\"text-align: justify;\">C\u2019\u00e9tait la premi\u00e8re fois que je me rendais \u00e0 la Maison du Handball, quand je suis arriv\u00e9e j\u2019avais des \u00e9toiles pleins les yeux. L\u2019accueil a \u00e9t\u00e9 top, j\u2019\u00e9tais la seule de la f\u00e9minisation \u00e0 \u00eatre pr\u00e9sente parmi tous.<\/p>\n<p style=\"text-align: justify;\">J\u2019ai trouv\u00e9 ce s\u00e9minaire vraiment sympa, j\u2019ai \u00e9t\u00e9 un petit peu en retrait et j\u2019ai surtout \u00e9cout\u00e9 ce qu\u2019il se passait. On a fait des petits groupes pour \u00e9voquer des sujets et y amener nos id\u00e9es o\u00f9 l\u00e0 j\u2019ai un peu plus particip\u00e9. J\u2019\u00e9tais vraiment l\u00e0 pour \u00e9couter et voir comment \u00e7a se passait. J\u2019ai trouv\u00e9 \u00e7a int\u00e9ressant de voir comment les informations qui nous sont transmises \u00e9mergent.<\/p>\n<p style=\"text-align: justify;\">La MDH est impressionnante. La pr\u00e9sentation de tous les troph\u00e9es des \u00e9quipes de France f\u00e9minine et masculine, les murs avec l\u2019histoire du handball fran\u00e7ais. Il y a un mur que j\u2019ai beaucoup appr\u00e9ci\u00e9 qui est le mur des arbitres, il ne faut pas oublier que les arbitres sont importants et que sans eux il n\u2019y aurait pas de sport.<\/p>\n<p>[\/et_pb_text][\/et_pb_column][\/et_pb_row][et_pb_row column_structure=\u00a0\u00bb1_3,1_3,1_3&Prime; _builder_version=\u00a0\u00bb4.24.0&Prime; _module_preset=\u00a0\u00bbdefault\u00a0\u00bb custom_margin=\u00a0\u00bb30px||||false|false\u00a0\u00bb global_colors_info=\u00a0\u00bb{}\u00a0\u00bb][et_pb_column type=\u00a0\u00bb1_3&Prime; _builder_version=\u00a0\u00bb4.24.0&Prime; _module_preset=\u00a0\u00bbdefault\u00a0\u00bb global_colors_info=\u00a0\u00bb{}\u00a0\u00bb][et_pb_image src=\u00a0\u00bbhttps:\/\/www.handball-normandie.fr\/wp-content\/uploads\/2024\/01\/fc750a37-df04-407e-8ffb-fe4e63ba4e28.jpg\u00a0\u00bb title_text=\u00a0\u00bbfc750a37-df04-407e-8ffb-fe4e63ba4e28&Prime; _builder_version=\u00a0\u00bb4.24.0&Prime; _module_preset=\u00a0\u00bbdefault\u00a0\u00bb global_colors_info=\u00a0\u00bb{}\u00a0\u00bb][\/et_pb_image][\/et_pb_column][et_pb_column type=\u00a0\u00bb1_3&Prime; _builder_version=\u00a0\u00bb4.24.0&Prime; _module_preset=\u00a0\u00bbdefault\u00a0\u00bb global_colors_info=\u00a0\u00bb{}\u00a0\u00bb][et_pb_image src=\u00a0\u00bbhttps:\/\/www.handball-normandie.fr\/wp-content\/uploads\/2024\/01\/973697ec-3635-46fc-b581-fe856e4df858.jpg\u00a0\u00bb title_text=\u00a0\u00bb973697ec-3635-46fc-b581-fe856e4df858&Prime; _builder_version=\u00a0\u00bb4.24.0&Prime; _module_preset=\u00a0\u00bbdefault\u00a0\u00bb global_colors_info=\u00a0\u00bb{}\u00a0\u00bb][\/et_pb_image][\/et_pb_column][et_pb_column type=\u00a0\u00bb1_3&Prime; _builder_version=\u00a0\u00bb4.24.0&Prime; _module_preset=\u00a0\u00bbdefault\u00a0\u00bb global_colors_info=\u00a0\u00bb{}\u00a0\u00bb][et_pb_image src=\u00a0\u00bbhttps:\/\/www.handball-normandie.fr\/wp-content\/uploads\/2024\/01\/25555f7d-8786-4f65-9e07-c0a7a1ea388e.jpg\u00a0\u00bb title_text=\u00a0\u00bb25555f7d-8786-4f65-9e07-c0a7a1ea388e\u00a0\u00bb _builder_version=\u00a0\u00bb4.24.0&Prime; _module_preset=\u00a0\u00bbdefault\u00a0\u00bb global_colors_info=\u00a0\u00bb{}\u00a0\u00bb][\/et_pb_image][\/et_pb_column][\/et_pb_row][et_pb_row _builder_version=\u00a0\u00bb4.24.0&Prime; _module_preset=\u00a0\u00bbdefault\u00a0\u00bb global_colors_info=\u00a0\u00bb{}\u00a0\u00bb][et_pb_column type=\u00a0\u00bb4_4&Prime; _builder_version=\u00a0\u00bb4.24.0&Prime; _module_preset=\u00a0\u00bbdefault\u00a0\u00bb global_colors_info=\u00a0\u00bb{}\u00a0\u00bb][et_pb_text _builder_version=\u00a0\u00bb4.24.0&Prime; _module_preset=\u00a0\u00bbdefault\u00a0\u00bb custom_margin=\u00a0\u00bb30px||||false|false\u00a0\u00bb hover_enabled=\u00a0\u00bb0&Prime; global_colors_info=\u00a0\u00bb{}\u00a0\u00bb sticky_enabled=\u00a0\u00bb0&Prime;]<\/p>\n<p style=\"text-align: justify;\"><strong>Aurais-tu un message \u00e0 faire passer ?<\/strong><\/p>\n<p style=\"text-align: justify;\">Pour pouvoir monter des projets, pour pouvoir aller plus loin dans ce qu\u2019on veut faire, nous avons besoin de b\u00e9n\u00e9voles, nous ne pouvons pas tout faire seuls. Aujourd\u2019hui on est un bassin qui avant covid \u00e9tait important, le taux d\u2019arbitre f\u00e9minine a baiss\u00e9 apr\u00e8s la pand\u00e9mie, il faut aujourd\u2019hui pouvoir prospecter, former, fid\u00e9liser dans les clubs. C\u2019est un travail de chaque instant qui se fait au d\u00e9part dans les clubs avec les JAJ puis ensuite c\u2019est \u00e0 nous de les accompagner et leur donner les moyens d\u2019\u00e9voluer. Pour cela il nous faut des ressources.<\/p>\n<p style=\"text-align: justify;\">La f\u00e9minisation, nous sommes \u00e0 l\u2019\u00e9coute de toutes les arbitres, si vous rencontrez des probl\u00e8mes ou que vous voulez \u00e9changer nous sommes \u00e0 votre disposition, n\u2019h\u00e9sitez pas.<\/p>\n<p style=\"text-align: justify;\">Pour faire changer les mentalit\u00e9s il faut le dire. Nous prendrons ensuite contact avec les personnes concern\u00e9es.<\/p>\n<p>[\/et_pb_text][\/et_pb_column][\/et_pb_row][\/et_pb_section]<\/p>\n","protected":false},"excerpt":{"rendered":"<p>Nous sommes all\u00e9s \u00e0 la rencontre de Priscillia LIEGEARD, r\u00e9f\u00e9rente f\u00e9minisation au sein de la CTA. Elle \u00e9voque son r\u00f4le et revient sur les \u00e9v\u00e8nements qui ont eu lieu ces derniers mois.<\/p>\n","protected":false},"author":1,"featured_media":10403,"comment_status":"closed","ping_status":"closed","sticky":false,"template":"","format":"standard","meta":{"_bbp_topic_count":0,"_bbp_reply_count":0,"_bbp_total_topic_count":0,"_bbp_total_reply_count":0,"_bbp_voice_count":0,"_bbp_anonymous_reply_count":0,"_bbp_topic_count_hidden":0,"_bbp_reply_count_hidden":0,"_bbp_forum_subforum_count":0,"_et_pb_use_builder":"on","_et_pb_old_content":"","_et_gb_content_width":"2880","footnotes":""},"categories":[12],"tags":[],"class_list":["post-10402","post","type-post","status-publish","format-standard","has-post-thumbnail","hentry","category-arbitrage"],"_links":{"self":[{"href":"https:\/\/www.handball-normandie.fr\/index.php\/wp-json\/wp\/v2\/posts\/10402","targetHints":{"allow":["GET"]}}],"collection":[{"href":"https:\/\/www.handball-normandie.fr\/index.php\/wp-json\/wp\/v2\/posts"}],"about":[{"href":"https:\/\/www.handball-normandie.fr\/index.php\/wp-json\/wp\/v2\/types\/post"}],"author":[{"embeddable":true,"href":"https:\/\/www.handball-normandie.fr\/index.php\/wp-json\/wp\/v2\/users\/1"}],"replies":[{"embeddable":true,"href":"https:\/\/www.handball-normandie.fr\/index.php\/wp-json\/wp\/v2\/comments?post=10402"}],"version-history":[{"count":14,"href":"https:\/\/www.handball-normandie.fr\/index.php\/wp-json\/wp\/v2\/posts\/10402\/revisions"}],"predecessor-version":[{"id":10435,"href":"https:\/\/www.handball-normandie.fr\/index.php\/wp-json\/wp\/v2\/posts\/10402\/revisions\/10435"}],"wp:featuredmedia":[{"embeddable":true,"href":"https:\/\/www.handball-normandie.fr\/index.php\/wp-json\/wp\/v2\/media\/10403"}],"wp:attachment":[{"href":"https:\/\/www.handball-normandie.fr\/index.php\/wp-json\/wp\/v2\/media?parent=10402"}],"wp:term":[{"taxonomy":"category","embeddable":true,"href":"https:\/\/www.handball-normandie.fr\/index.php\/wp-json\/wp\/v2\/categories?post=10402"},{"taxonomy":"post_tag","embeddable":true,"href":"https:\/\/www.handball-normandie.fr\/index.php\/wp-json\/wp\/v2\/tags?post=10402"}],"curies":[{"name":"wp","href":"https:\/\/api.w.org\/{rel}","templated":true}]}}